{"id":4506,"date":"2025-01-16T10:40:58","date_gmt":"2025-01-16T09:40:58","guid":{"rendered":"http:\/\/annerouch.fr\/?p=4506"},"modified":"2025-10-08T07:49:42","modified_gmt":"2025-10-08T06:49:42","slug":"qui-suis-je","status":"publish","type":"post","link":"http:\/\/annerouch.fr\/index.php\/2025\/01\/16\/qui-suis-je\/","title":{"rendered":"Qui suis-je ?"},"content":{"rendered":"<p><div style=\"width: 714px;\" class=\"wp-video\"><!--[if lt IE 9]><script>document.createElement('video');<\/script><![endif]-->\n<video class=\"wp-video-shortcode\" id=\"video-4506-1\" width=\"714\" height=\"402\" autoplay=\"1\" preload=\"auto\" controls=\"controls\"><source type=\"video\/mp4\" src=\"http:\/\/annerouch.fr\/wp-content\/uploads\/2025\/01\/Qui-Suisje-2.mp4?_=1\" \/><a href=\"http:\/\/annerouch.fr\/wp-content\/uploads\/2025\/01\/Qui-Suisje-2.mp4\">http:\/\/annerouch.fr\/wp-content\/uploads\/2025\/01\/Qui-Suisje-2.mp4<\/a><\/video><\/div><\/p>\n<h2 style=\"text-align: center;\"><span style=\"color: #800080;\"><br \/><strong><span style=\"color: #008080;\">Je Suis la Source\u00a0<\/span><\/strong><\/span><\/h2>\n<h2 style=\"text-align: center;\"><span style=\"color: #800080;\"><strong><span style=\"color: #008080;\">\"Je Suis\"\u00a0la simplicit\u00e9 de l'instant, Je Suis\u00a0la Vie en mouvement<\/span><\/strong><\/span><\/h2>\n<h2 style=\"text-align: center;\"><strong><span style=\"color: #008080;\">Je Suis l'Essence cr\u00e9ative de la lumi\u00e8re pure<\/span><\/strong><\/h2>\n<h2 style=\"text-align: center;\"><strong><span style=\"color: #008080;\">Je Suis la Lumi\u00e8re Source<\/span><\/strong><\/h2>\n<h2 style=\"text-align: center;\"><strong><span style=\"color: #008080;\">Je Suis la pluie, Je Suis le vent, Je Suis le Feu et l'eau,<br \/>Je Suis la Terre vivante connect\u00e9e \u00e0 la Lumi\u00e8re du Ciel\u00a0<\/span><\/strong><\/h2>\n<h2 style=\"text-align: center;\"><strong><span style=\"color: #008080;\">Je Suis une graine d'\u00e9toiles sur la Terre<\/span><\/strong><\/h2>\n<h2 style=\"text-align: center;\"><strong><span style=\"color: #008080;\">Je Suis le Phoenix qui renait de ses cendres<\/span><\/strong><\/h2>\n<h2 style=\"text-align: center;\"><strong><span style=\"color: #008080;\">Je Suis La Vie dans l'expansion de la Conscience<\/span><\/strong><\/h2>\n<h2 style=\"text-align: center;\"><strong><span style=\"color: #008080;\">par l'Amour du C\u0153ur<\/span><\/strong><\/h2>\n<h2 style=\"text-align: center;\"><strong><span style=\"color: #008080;\">Je Suis La Transmission infinie de la Lumi\u00e8re<\/span><\/strong><\/h2>\n<h2 style=\"text-align: center;\"><strong><span style=\"color: #008080;\">du Divin Cr\u00e9ateur qui s'expanse sur la Terre M\u00e8re<\/span><\/strong><\/h2>\n<h2 style=\"text-align: center;\"><strong><span style=\"color: #008080;\">Mon Chemin est\u00a0\u00e9clair\u00e9 par la Voix de la Conscience<br \/>Mes yeux voient, mes oreilles entendent, <\/span><\/strong><\/h2>\n<h2 style=\"text-align: center;\"><strong><span style=\"color: #008080;\">mon c\u0153ur vibre la Lumi\u00e8re<\/span><\/strong><\/h2>\n<h2 style=\"text-align: center;\"><strong><span style=\"color: #008080;\">Je Suis le pont de l\u2019\u00c9volution de la Vie<\/span><\/strong><\/h2>\n<h2 style=\"text-align: center;\"><strong><span style=\"color: #008080;\">Ainsi que tous mes Fr\u00e8res de c\u0153ur.<\/span><\/strong><\/h2>\n<h3 style=\"text-align: center;\"><span style=\"color: #cf12e0;\"><b>\u00a0<\/b><b>\u00a0IONI\u00c2<\/b><\/span><\/h3>\n<h1 style=\"text-align: center;\"><img class=\"wp-image-4642 aligncenter\" src=\"http:\/\/annerouch.fr\/wp-content\/uploads\/2025\/01\/Yin-Yang-1-300x294.jpg\" alt=\"Yin Yang 1\" width=\"463\" height=\"454\" \/><\/h1>\n<h1 style=\"text-align: center;\"><span style=\"color: #ff00ff;\"><strong><span style=\"color: #b317b3;\"><a style=\"color: #b317b3;\" href=\"http:\/\/annerouch.fr\/wp-content\/uploads\/2025\/01\/\u00d4de-\u00e0-la-Terre.pdf\" target=\"_blank\" rel=\"noopener\">\u00d4de \u00e0 la Terre<\/a><\/span><\/strong><\/span><\/h1>\n<h1 style=\"text-align: center;\"><span style=\"color: #b317b3;\"><strong><a style=\"color: #b317b3;\" href=\"http:\/\/annerouch.fr\/wp-content\/uploads\/2025\/01\/Je-suis-le-phoenix-qui-renait-de-ces-cendres.pdf\" target=\"_blank\" rel=\"noopener\">Je suis le phoenix qui renait de ces cendres<\/a>\u00a0- PDF<\/strong><\/span><\/h1>\n<p>\u00a0<\/p>\n<p><img class=\"wp-image-4730 aligncenter\" src=\"http:\/\/annerouch.fr\/wp-content\/uploads\/2025\/01\/Phoenix4-233x300.jpeg\" alt=\"\" width=\"318\" height=\"410\" \/><\/p>\n<h2><span style=\"color: #4a3dc4;\"><strong>Voici de beaux t\u00e9moignages re\u00e7us suite \u00e0 la pratique de coaching<br \/><\/strong><strong>Je suis tr\u00e8s touch\u00e9e par ces mots. \u2665\u2665\u2665\u00a0<\/strong><\/span><\/h2>\n<h3><span style=\"color: #de188f;\"><span style=\"color: #800080;\"><strong>\u00a0<\/strong><\/span><span style=\"color: #3366ff;\"><strong><em>\"Tr\u00e8s ch\u00e8re Ionia,<\/em><\/strong><strong><em><br \/>Je viens vers toi pour te remercier de notre rendez vous de vendredi dernier, le travail karmique, l'ouverture de c\u0153ur,<br \/>l'\u00e9change de Lumi\u00e8re, ma lib\u00e9ration, la r\u00e9v\u00e9lation de la force du verbe,<br \/><\/em><\/strong><strong><em>ma lib\u00e9ration de l'esclavage karmique et actuel soci\u00e9tal,\u00a0<\/em><\/strong><strong><em>notre \u00e9change entre 2 s\u0153urs est et sera un des plus beau moment de ma vie.<br \/><\/em><\/strong><strong><em>Christine.\" \u2665<\/em><\/strong><\/span><\/span><\/h3>\n<h3><span style=\"color: #3366ff;\"><strong><em>\u00a0<\/em><\/strong><span style=\"color: #ff00ff;\"><strong><em>\"Quand j'ai senti l'appel de ma lumi\u00e8re, on m'a fait rencontrer Ionia.<br \/>Quel cadeau !\u00a0<span style=\"text-decoration: underline;\">Seulement 3 s\u00e9ances avec elle<\/span>\u00a0et j'ai beaucoup progress\u00e9 sur mon chemin de lumi\u00e8re gr\u00e2ce \u00e0 ses soins et toutes les ressources qu'elle m'offre.<br \/>Chaque s\u00e9ance est un pas de plus vers la lib\u00e9ration et Ionia donne toujours des conseils \u00e0 suivre pour la suite.<br \/>C'est tr\u00e8s r\u00e9confortant, je me sens guid\u00e9e pour \u00eatre plus autonome et actrice de mon changement.<br \/>Entre 2 s\u00e9ances Ionia reste disponible pour r\u00e9pondre \u00e0 mes interrogations.<br \/>Je ressens beaucoup de gratitude de l'avoir rencontr\u00e9e !<br \/><\/em><\/strong><strong><em>Marion.\" \u2665<\/em><\/strong><\/span><\/span><\/h3>\n<h3><span style=\"color: #0000ff;\"><strong><em>\"<span style=\"color: #3366ff;\">Les s\u00e9ances avec Ionia ont un impact lib\u00e9ratoire puissant. Son \u00e9coute, sa bienveillance, sa douceur sont comme un baume qui vient accompagner et \u00e9clairer le travail de conscience.<br \/><\/span><\/em><\/strong><\/span><span style=\"color: #3366ff;\"><strong><em>C'est une approche passionnante que d'aller retrouver les parts de soi bless\u00e9es et de les accueillir dans la lumi\u00e8re.<br \/><\/em><\/strong><\/span><strong style=\"color: #3366ff; font-size: 16px;\"><em>Ionia, permet la mise en \u00e9vidence de ces espaces bloqu\u00e9s par la parole et des protocoles adapt\u00e9s. L'apaisement des blessures, la gu\u00e9rison peut alors se r\u00e9aliser.<br \/><\/em><\/strong><span style=\"color: #3366ff;\"><strong><em>A la fin de la s\u00e9ance, ce fut comme des retrouvailles d'Amour avec moi-m\u00eame et ma famille d'\u00e2me. Gratitude \u00e0 toi Ionia pour ta pr\u00e9sence soutenante.\"<br \/><\/em><\/strong><\/span><strong style=\"color: #3366ff; font-size: 16px;\"><em>Marie. \u2665<\/em><\/strong><\/h3>\n<h3><strong><em>\u00a0<span style=\"color: #ff00ff;\">\"<\/span><\/em><\/strong><span style=\"color: #ff00ff;\"><strong><em>Conna\u00eetre Ioni\u00e2 est un cadeau du ciel. Sa gentillesse, sa douceur, son travail pr\u00e9paratoire avant chaque s\u00e9ance sont remarquables. Ioni\u00e2 donne. Ses canalisations sont magnifiques et personnalis\u00e9es et vous am\u00e8nent les larmes tellement c'est beau. De plus, elle transmet ses connaissances et nous fait d\u00e9couvrir un univers qui nous ouvre l'esprit. Merci Ioni\u00e2.<br \/><\/em><\/strong><\/span><span style=\"color: #ff00ff;\"><strong><em>Patricia. \u2665<\/em><\/strong><\/span><\/h3>\n<p>*****************************<\/p>\n<h3><strong><span style=\"color: #333399;\">Pour ceux qui ne l'ont pas encore vu, le film <span style=\"color: #800080;\">\"La Proph\u00e9tie des Andes\"<\/span> est sur le lien\u00a0\u00a0<\/span>&gt;\u00a0<a href=\"https:\/\/www.youtube.com\/watch?v=glploIuhL6o\">https:\/\/www.youtube.com\/watch?v=glploIuhL6o<\/a><\/strong><\/h3>\n\n\n<figure class=\"wp-block-image\"><img alt=\"\"\/><\/figure>\n\n\n\n<figure class=\"wp-block-image\"><img alt=\"\"\/><\/figure>\n\n\n\n<figure class=\"wp-block-image\"><img alt=\"\"\/><\/figure>\n\n\n\n<figure class=\"wp-block-image\"><img alt=\"\"\/><\/figure>\n\n\n\n<figure class=\"wp-block-image\"><img alt=\"\"\/><\/figure>\n\n\n\n<figure class=\"wp-block-image\"><img alt=\"\"\/><\/figure>\n\n\n\n\n\n<figure class=\"wp-block-image\"><img alt=\"\"\/><\/figure>\n\n\n\n<figure class=\"wp-block-image\"><img alt=\"\"\/><\/figure>\n\n\n\n<figure class=\"wp-block-image\"><img alt=\"\"\/><\/figure>\n\n\n\n<figure class=\"wp-block-image\"><img alt=\"\"\/><\/figure>\n","protected":false},"excerpt":{"rendered":"<p>Je Suis la Source\u00a0 &#8220;Je Suis&#8221;\u00a0la simplicit\u00e9 de l&#8217;instant, Je Suis\u00a0la Vie en mouvement Je Suis l&#8217;Essence cr\u00e9ative de la lumi\u00e8re pure Je Suis la Lumi\u00e8re Source Je Suis la pluie, Je Suis le vent, Je Suis le Feu et l&#8217;eau,Je Suis la Terre vivante connect\u00e9e \u00e0 la Lumi\u00e8re du Ciel\u00a0 Je Suis une graine [&hellip;]<\/p>\n","protected":false},"author":1,"featured_media":0,"comment_status":"open","ping_status":"open","sticky":false,"template":"","format":"standard","meta":[],"categories":[5],"tags":[],"_links":{"self":[{"href":"http:\/\/annerouch.fr\/index.php\/wp-json\/wp\/v2\/posts\/4506"}],"collection":[{"href":"http:\/\/annerouch.fr\/index.php\/wp-json\/wp\/v2\/posts"}],"about":[{"href":"http:\/\/annerouch.fr\/index.php\/wp-json\/wp\/v2\/types\/post"}],"author":[{"embeddable":true,"href":"http:\/\/annerouch.fr\/index.php\/wp-json\/wp\/v2\/users\/1"}],"replies":[{"embeddable":true,"href":"http:\/\/annerouch.fr\/index.php\/wp-json\/wp\/v2\/comments?post=4506"}],"version-history":[{"count":35,"href":"http:\/\/annerouch.fr\/index.php\/wp-json\/wp\/v2\/posts\/4506\/revisions"}],"predecessor-version":[{"id":4770,"href":"http:\/\/annerouch.fr\/index.php\/wp-json\/wp\/v2\/posts\/4506\/revisions\/4770"}],"wp:attachment":[{"href":"http:\/\/annerouch.fr\/index.php\/wp-json\/wp\/v2\/media?parent=4506"}],"wp:term":[{"taxonomy":"category","embeddable":true,"href":"http:\/\/annerouch.fr\/index.php\/wp-json\/wp\/v2\/categories?post=4506"},{"taxonomy":"post_tag","embeddable":true,"href":"http:\/\/annerouch.fr\/index.php\/wp-json\/wp\/v2\/tags?post=4506"}],"curies":[{"name":"wp","href":"https:\/\/api.w.org\/{rel}","templated":true}]}}