{"id":11,"date":"2016-05-24T10:12:06","date_gmt":"2016-05-24T09:12:06","guid":{"rendered":"http:\/\/annerouch.fr\/?p=11"},"modified":"2021-02-13T12:03:30","modified_gmt":"2021-02-13T11:03:30","slug":"se-reconnaitre-vraiment","status":"publish","type":"post","link":"http:\/\/annerouch.fr\/index.php\/2016\/05\/24\/se-reconnaitre-vraiment\/","title":{"rendered":""},"content":{"rendered":"<h2><span style=\"color: #800080;\"><strong>Se reconna\u00eetre vraiment !<\/strong><\/span><\/h2>\r\n<img class=\"wp-image-1451 aligncenter\" src=\"http:\/\/annerouch.fr\/wp-content\/uploads\/2016\/05\/licorne-300x191.jpg\" alt=\"licorne\" width=\"399\" height=\"254\" \/>\r\n<h3><span style=\"color: #800080;\"><strong>Depuis que je reconnecte avec ma conscience lumi\u00e8re, je constate en partageant mes exp\u00e9riences et mes ressentis que certains d\u2019entre nous sur la plan\u00e8te se sentent \"<\/strong><em><strong>d\u00e9cal\u00e9s\" par rapport \u00e0 ce que la soci\u00e9t\u00e9 propose, sans jamais vraiment\u00a0pouvoir en parler, en commen\u00e7ant \u00e0\u00a0l'\u00e9cole...<\/strong><\/em><\/span><\/h3>\r\n<h3><strong><span style=\"color: #800080;\">Comment l'\u00e9cole peut elle, avec ses obligations actuelles, la gestion\u00a0d'enfants en surnombre dans les classes, r\u00e9pondre correctement \u00e0 la sensibilit\u00e9 de chaque enfant ?<\/span><\/strong><\/h3>\r\n<h3><span style=\"color: #333399;\"><strong>L'ouverture de la conscience et la m\u00e9moire de notre Vrai Soi qui revient \u00e0 la surface, provoque ce d\u00e9calage chez l'\u00e2me qui <\/strong><\/span><span style=\"color: #ad186d;\"><strong>\"se souvient\"<\/strong> <\/span><span style=\"color: #333333;\"><strong><span style=\"color: #333399;\">de Qui elle est r\u00e9ellement !<\/span><\/strong><\/span><\/h3>\r\n<h3><span style=\"color: #ad186d;\"><strong>Une enfance o\u00f9 j'avais des perceptions particuli\u00e8res, que je ne comprenais pas, et que j'ai d\u00e9crypt\u00e9 par la suite dans mon cheminement personnel.<\/strong><\/span>\r\n<span style=\"color: #ad186d;\"> <strong> Il m'est trop souvent arriv\u00e9 de \"<em>percevoir<\/em>\" la vie bizarrement comme si je regardais\u00a0une pi\u00e8ce de th\u00e9\u00e2tre !\u00a0 <\/strong><\/span><\/h3>\r\n<h3><span style=\"color: #ad186d;\"><strong>Comme dans cet article :<\/strong><\/span>\r\n<strong><a href=\"http:\/\/soocurious.com\/fr\/et-si-notre-monde-netait-en-realite-quune-gigantesque-simulation-des-scientifiques-etudient-la-question\/\" target=\"_blank\">http:\/\/soocurious.com\/fr\/et-si-notre-monde-netait-en-realite-quune-gigantesque-simulation-des-scientifiques-etudient-la-question\/<\/a><\/strong><\/h3>\r\n<h3><span style=\"color: #a81111;\"><strong>Au vue de recherches approfondies, je constate que d'autres personnes vivent comme s'ils se sentaient venus d'une \"autre plan\u00e8te\". <\/strong><\/span><\/h3>\r\n<h3><span style=\"color: #666699;\"><strong>Une \u00e9norme prise de conscience que ce que l'on vit\u00a0n'est pas la vraie vie, cela devient une grosse \u00e9vidence !<\/strong><\/span>\r\n<span style=\"color: #666699;\"> <strong> Oui bien s\u00fbr on peut sortir de la masse et faire son propre chemin, en suivant son intuition, ses envies intuitives qui elles, nous donnent envie de vraiment vivre et avancer\u2026.. mais alors pourquoi certains y arrivent, et d'autres pas ?<\/strong><\/span>\r\n<span style=\"color: #333399;\"><strong>Arr\u00eat\u00e9s dans les \u00e9lans spontan\u00e9s vers un travail qui leur plait, ils s'entendent dire :<\/strong><\/span>\r\n<span style=\"color: #333399;\"><strong>\"Il n'y a pas de m\u00e9tier d'avenir<img class=\"wp-image-45 alignleft\" src=\"http:\/\/annerouch.fr\/wp-content\/uploads\/2016\/05\/ohmon-dieu.png\" alt=\"ohmon dieu\" width=\"47\" height=\"47\" \/>\u00a0l\u00e0 dedans, les besoins de la soci\u00e9t\u00e9 ne sont pas dans ce m\u00e9tier<\/strong>\u2026.! \"\r\n<\/span><strong><span style=\"color: #a81111;\">J'ai tr\u00e8s souvent entendu cette phrase, que ce soit \u00e0 moi, ou \u00e0 quelqu'un d'autre !<\/span>\r\n<span style=\"color: #a81111;\">Interpr\u00e9tation\u00a0probable, <span style=\"color: #666699;\"><em>\"tu feras ce que la soci\u00e9t\u00e9 d\u00e9cidera !\"<\/em><\/span><\/span>\r\n<span style=\"color: #333399;\">Et c'est l\u00e0 qu'intervient la \"<span style=\"color: #ff00ff;\"><em>Conscience<\/em><\/span>\"\r\nUne petite lumi\u00e8re s'allume dans les cellules, et vous dit : <em><span style=\"color: #ff00ff;\">\"Non non, cela n'est pas vrai !\"<\/span><\/em>.<\/span><\/strong><\/h3>\r\n<h2><span style=\"color: #a81111;\"><strong>Les besoins de qui, pour qui ?\u00a0\u00a0\u00a0\u00a0\u00a0\u00a0 <span style=\"color: #0000ff;\">\"That is the\u00a0question !\"<\/span><\/strong><\/span><\/h2>\r\n<h2 style=\"text-align: center;\"><span style=\"color: #3366ff;\"><strong>La petite lumi\u00e8re deviendra grande ! ...\r\nSuivre sa petite voix int\u00e9rieure, c'est marcher sur son chemin de Vie, c'est avancer,\r\nr\u00e9gler ce qui doit l'\u00eatre, et aller vers SA\u00a0lumi\u00e8re !\u00a0<\/strong><\/span><\/h2>\r\n<h2 style=\"text-align: center;\"><span style=\"color: #3366ff;\"><strong>Ne pas \u00e9couter les critiques, elles ne font jamais avancer personne, \u00e9couter les choses qui vous font vibrer et vous rendent joyeux, heureux, vous m\u00eame, c'est l\u00e0 le chemin... !<\/strong><\/span><\/h2>\r\n<h3 style=\"text-align: center;\"><span style=\"color: #800080;\"><strong>Celui ou celle qui vous dira que vous \u00eates &gt; <em>\u00c9gocentrique, allum\u00e9, intol\u00e9rant, est un mouton qui b\u00eale ses propres croyances non travaill\u00e9es et non conscientis\u00e9es.\r\nRenvoyez le \u00e0 ce que fait le mouton, il suit...... en b\u00ealant ! \ud83d\ude42<\/em><\/strong><\/span><\/h3>\r\n<h3><span style=\"color: #800080;\"><strong>Ne nous fions pas aux apparences<\/strong>, elles sont trompeuses, et un \u00eatre dont l'apparence est\u00a0\"<strong><em>pouilleuse\"<\/em>\u00a0<\/strong>et que vous jugez\u00a0sans int\u00e9r\u00eat, peut \u00eatre bien autre chose, ce que vous percevez de lui est en \"<strong><em>r\u00e9sonance<\/em><\/strong>\" avec\u00a0une partie de vous que vous n'acceptez pas... encore !<\/span><\/h3>\r\n<h3><strong><span style=\"color: #ff00ff;\"><span style=\"color: #800080;\">Voir la <em>\"lumi\u00e8re et l'amour\"<\/em>\u00a0dans chaque individu \u00a0rencontr\u00e9 , c'est reconna\u00eetre cette lumi\u00e8re en nous m\u00eame, comme faisant partie int\u00e9grante de nous.<\/span>\r\n<\/span><\/strong><\/h3>\r\n<h3><strong style=\"color: #0000ff;\">Par <span style=\"color: #993366;\"><a style=\"color: #993366;\" href=\"http:\/\/www.futura-sciences.com\/magazines\/matiere\/infos\/dico\/d\/physique-physique-quantique-13197\/\">la physique quantique<\/a><\/span> on peut par la prise de conscience de nos projections, changer nos \u00e9motions et nos pens\u00e9es, donc notre r\u00e9alit\u00e9.\r\n<\/strong><strong style=\"color: #0000ff;\">Vibrer la paix et l'Amour projette autour de nous apaise et transforme nos projections en conscience.\r\n<\/strong><strong><span style=\"color: #0000ff;\">Tout ce qui provoque en nous une \u00e9motion ou inconfort fait\u00a0r\u00e9sonance\u00a0\u00e0 quelque chose en nous qui n'a\u00a0pas \u00e9t\u00e9 reconnue par nous.<\/span>\r\n<\/strong><strong style=\"color: #0000ff;\">Voir un d\u00e9faut chez quelqu'un conscientise que l'on n'a pas encore reconnu ce d\u00e9faut chez nous !\r\n<\/strong><span style=\"color: #ff6600;\"><strong style=\"color: #0000ff;\"><u>On peut alors se poser la question :<\/u><\/strong><\/span><strong><span style=\"color: #0000ff;\"><span style=\"color: #ff6600;\">\u00a0<span style=\"color: #993300;\">\"A quel moment dans ma vie, ai-je v\u00e9cu ce sentiment n\u00e9gatif pour moi, dans quelle circonstance ?\"<\/span><\/span>\r\nCela permettra de se reconnecter avec cette partie (ombre) de nous qui n'est pas align\u00e9 car en\u00a0r\u00e9sonance\u00a0avec un v\u00e9cu ant\u00e9rieur non accept\u00e9.<\/span><\/strong><\/h3>\r\n<h3><span style=\"color: #800080;\"><strong>\u00a0<\/strong><strong><u>Si l'on culpabilise d'avoir projet\u00e9 ou mal agit avec quelqu'un, on peut faire appel \u00e0 nos guides pour nous consoler, la culpabilit\u00e9 ne doit pas rester cristallis\u00e9,<\/u> car \u00a0<\/strong><strong>tout est parfait sur le plan d'ensemble intelligent.<\/strong><\/span><\/h3>\r\n<h3><span style=\"color: #666699;\"><strong>Les individus int\u00e9grant pleinement la matrice, tout ce qui est propos\u00e9 par le monde dans lequel ils vivent, et qui ne cherchent pas \u00e0 voir\u00a0si cela\u00a0est en ad\u00e9quation avec les valeurs de leur propre conscience, vivent leur vie avec ou sans la conscience qu'ils nourrissent l'app\u00e2t du gain, l'apparence, le pouvoir etc... et d\u00e9laissent leur propre lumi\u00e8re int\u00e9rieure.\r\n<\/strong><\/span>\r\n<span style=\"color: #666699;\"> <strong>Un vrai chemin de Vie, c'est pouvoir faire des belles choses, aidantes pour nous m\u00eame d'abord, car s'aimer soi m\u00eame est la premi\u00e8re chose \u00e0 faire afin de pouvoir aider nos fr\u00e8res,\u00a0car comment sauver quelqu'un qui se noie si l'on ne sait pas se sauver soi m\u00eame !<\/strong><\/span><\/h3>\r\n<h3><span style=\"color: #666699;\"><strong>Avancer, c'est accepter de transmuter\u00a0nos c\u00f4t\u00e9s \"<em>sombres<\/em>\" pour les rendre <em>lumineux <\/em>et aimants.<\/strong><\/span><\/h3>\r\n<h3><span style=\"color: #666699;\"><strong>Toute chose existante a son reflet<img class=\"wp-image-33 alignright\" src=\"http:\/\/annerouch.fr\/wp-content\/uploads\/2016\/05\/question.png\" alt=\"question\" width=\"36\" height=\"36\" \/>.\u00a0Dans une pi\u00e8ce ouverte en 3 dimensions, si vous ne voyez pas un objet parce qu'il est cach\u00e9 par autre chose, placez un miroir sur un des c\u00f4t\u00e9s, et placez-vous\u00a0 \u00e0 un endroit sp\u00e9cifique situ\u00e9 entre ces deux objets, puis regardez dans le miroir, vous pourrez voir parfaitement l'objet cach\u00e9 que vous ne pouvez voir de votre place.<\/strong><\/span><\/h3>\r\n<h3><span style=\"color: #666699;\"><strong>La m\u00e9ditation pour\u00a0GU\u00c9RIR, aller enfin vers \"Soi\"<\/strong>.<\/span>\r\n<span style=\"color: #666699;\"> <strong>S'ouvrir \u00e0 \"Soi\", se poser, s'occuper de soi, pour gu\u00e9rir des maux de la vie qui sont les effets d'une cause, celle de \"Faire\" au lieu de \"Etre\".<\/strong><\/span>\r\n<span style=\"color: #666699;\"> <strong> S'auto gu\u00e9rir par le simple fait de s'\u00e9couter et d'\u00eatre attentif \u00e0 soi, ce qui n'a rien \u00e0 voir avec \"<em>l'\u00e9gocentrisme<\/em>\" !<\/strong><\/span><\/h3>\r\n<h3 style=\"text-align: center;\"><span style=\"color: #ff00ff;\"><strong><span style=\"text-decoration: underline;\">La pratique : <\/span><\/strong><\/span><\/h3>\r\n<h3 style=\"text-align: center;\"><strong><span style=\"color: #ff00ff;\"><span style=\"text-decoration: underline;\">Je vous propose une premi\u00e8re\u00a0m\u00e9ditation <img class=\"wp-image-391 alignleft\" src=\"http:\/\/annerouch.fr\/wp-content\/uploads\/2016\/05\/buddha-medit-300x300.png\" alt=\"buddha medit\" width=\"275\" height=\"275\" \/><\/span><em>(je l'ai test\u00e9)<\/em> propos\u00e9 par<\/span><span style=\"color: #800080;\">\r\n<em><span style=\"text-decoration: underline;\">Laurent Chanet,<\/span>\u00a0<span style=\"text-decoration: underline;\">ost\u00e9opathe\u00a0<\/span><\/em>\u00e0 Perpignan.\r\nEn ce qui me concerne, ce moment\u00a0a fait dispara\u00eetre des douleurs....<\/span><\/strong><\/h3>\r\n<h3 style=\"text-align: center;\"><strong><span style=\"color: #800080;\">Vous trouverez d'autres vid\u00e9os sur la droite de celle ci sur YouTube.<\/span><\/strong>\r\n<span style=\"color: #800080;\"> <strong><span id=\"eow-title\" class=\"watch-title\" dir=\"ltr\" title=\"gu\u00e9rison et auto gu\u00e9rison \u00e0 distance m\u00e9thode no 1\">Gu\u00e9rison et auto gu\u00e9rison \u00e0 distance m\u00e9thode no 1\r\n<\/span><\/strong><strong>C'est \u00e0 vous !<\/strong> (20 mn)<\/span>\r\n<span style=\"color: #800080;\"> <a style=\"line-height: 1.5; color: #800080;\" href=\"https:\/\/www.youtube.com\/watch?v=fD2W23RB2kk\" target=\"_blank\"><strong>https:\/\/www.youtube.com\/watch?v=fD2W23RB2kk<\/strong><\/a><\/span><\/h3>\r\n<h3><span style=\"color: #800080;\"><strong><span style=\"text-decoration: underline; color: #800080;\">Deux m\u00e9ditations suppl\u00e9mentaires tr\u00e8s bienfaisantes pour la sant\u00e9 \ud83d\ude42<\/span>\r\n<span style=\"color: #333399;\">M\u00e9ditation 2-3, se relier aux plans sup\u00e9rieurs de conscience et se recharger en \u00e9nergie vitale.<\/span><\/strong><\/span>\r\n<span style=\"color: #800080;\"><strong><a style=\"color: #800080;\" href=\"https:\/\/www.youtube.com\/watch?v=G8Y4e_WUx5Q\" target=\"_blank\">https:\/\/www.youtube.com\/watch?v=G8Y4e_WUx5Q<\/a><\/strong><\/span><\/h3>\r\n<h3><span style=\"color: #333399;\"><strong>Gu\u00e9rison des blessures \u00e9motionnelles<\/strong><\/span>\r\n<span style=\"color: #800080;\"><strong><a style=\"color: #800080;\" href=\"https:\/\/www.youtube.com\/watch?v=66qsP1nCkek\" target=\"_blank\">https:\/\/www.youtube.com\/watch?v=66qsP1nCkek<\/a><\/strong><\/span><\/h3>\r\n<h3><span style=\"color: #0000ff;\">Lien 2018 des pratiques et vid\u00e9os de Laurent Chanet, Bio\u00e9nerg\u00e9ticien\r\n<\/span><\/h3>\r\n<h3><span style=\"color: #0000ff;\"><a style=\"color: #0000ff;\" href=\"https:\/\/www.youtube.com\/watch?v=S7fdbnZTf68&amp;list=UUfY9zEJ-BCL9WY1VD11-LOw&amp;index=20\">https:\/\/www.youtube.com\/watch?v=S7fdbnZTf68&amp;list=UUfY9zEJ-BCL9WY1VD11-LOw&amp;index=20<\/a><\/span>\r\n<em><span style=\"color: #ff00ff;\">\u00a0<\/span><\/em><strong><span style=\"color: #0000ff;\">___________________________________________________________________<\/span><\/strong>\r\n<!--more--><\/h3>\r\n<h3><strong><a href=\"http:\/\/www.miss-bouillon.com\" target=\"_blank\">http:\/\/www.miss-bouillon.com<\/a><\/strong><\/h3>\r\n<div>\r\n<div><b><span style=\"font-size: x-large;\"><img class=\"size-medium wp-image-398 alignleft\" src=\"http:\/\/annerouch.fr\/wp-content\/uploads\/2016\/05\/cl\u00e9mence-millet-300x300.jpg\" alt=\"cl\u00e9mence millet\" width=\"300\" height=\"300\" \/><\/span><\/b><\/div>\r\n<\/div>\r\n<div>\r\n<h3><strong><span style=\"text-decoration: underline;\"><span style=\"color: #800080; text-decoration: underline;\">Cl\u00e9mence Millet<\/span><\/span>, <span style=\"color: #666699;\">alias <u>miss bouillon<\/u> est productrice d'huiles essentielles, eaux florales et cueilleuse sauvage.<\/span><\/strong><\/h3>\r\n<h3><span style=\"color: #666699;\"><strong>\u00a0<\/strong><strong>Elle cueille ses plantes aromatiques et m\u00e9dicinales \u00e0 la faucille en milieu sauvage <\/strong><strong><em>( garrigue Audoise, maquis et montagnes corses)<\/em><\/strong><strong> dans des lieux \u00e9loign\u00e9s de toute culture extensive et de tout axes routiers. <\/strong><\/span><\/h3>\r\n<h3><strong><span style=\"color: #666699;\">Sa distillerie mobile lui permet de suivre le cycle des floraisons.<\/span>\r\n<\/strong><\/h3>\r\n<h3><span style=\"text-decoration: underline;\"><span style=\"color: #800080; text-decoration: underline;\"><strong>J'utilise ses produits (cr\u00e8me visage) et je vous conseille vivement de les essayer, vous en retirerez le meilleur, au naturel ! \ud83d\ude42<\/strong><\/span><\/span><\/h3>\r\n<\/div>\r\n<h3><strong><span style=\"color: #800080;\"><a style=\"color: #800080;\" href=\"http:\/\/www.miss-bouillon.com\" target=\"_blank\">\u00a0http:\/\/www.miss-bouillon.com<\/a><\/span><\/strong><\/h3>","protected":false},"excerpt":{"rendered":"<p>Se reconna\u00eetre vraiment ! Depuis que je reconnecte avec ma conscience lumi\u00e8re, je constate en partageant mes exp\u00e9riences et mes ressentis que certains d\u2019entre nous sur la plan\u00e8te se sentent &#8220;d\u00e9cal\u00e9s&#8221; par rapport \u00e0 ce que la soci\u00e9t\u00e9 propose, sans jamais vraiment\u00a0pouvoir en parler, en commen\u00e7ant \u00e0\u00a0l&#8217;\u00e9cole&#8230; Comment l&#8217;\u00e9cole peut elle, avec ses obligations actuelles, [&hellip;]<\/p>\n","protected":false},"author":1,"featured_media":0,"comment_status":"closed","ping_status":"closed","sticky":false,"template":"","format":"standard","meta":[],"categories":[1],"tags":[],"_links":{"self":[{"href":"http:\/\/annerouch.fr\/index.php\/wp-json\/wp\/v2\/posts\/11"}],"collection":[{"href":"http:\/\/annerouch.fr\/index.php\/wp-json\/wp\/v2\/posts"}],"about":[{"href":"http:\/\/annerouch.fr\/index.php\/wp-json\/wp\/v2\/types\/post"}],"author":[{"embeddable":true,"href":"http:\/\/annerouch.fr\/index.php\/wp-json\/wp\/v2\/users\/1"}],"replies":[{"embeddable":true,"href":"http:\/\/annerouch.fr\/index.php\/wp-json\/wp\/v2\/comments?post=11"}],"version-history":[{"count":93,"href":"http:\/\/annerouch.fr\/index.php\/wp-json\/wp\/v2\/posts\/11\/revisions"}],"predecessor-version":[{"id":3326,"href":"http:\/\/annerouch.fr\/index.php\/wp-json\/wp\/v2\/posts\/11\/revisions\/3326"}],"wp:attachment":[{"href":"http:\/\/annerouch.fr\/index.php\/wp-json\/wp\/v2\/media?parent=11"}],"wp:term":[{"taxonomy":"category","embeddable":true,"href":"http:\/\/annerouch.fr\/index.php\/wp-json\/wp\/v2\/categories?post=11"},{"taxonomy":"post_tag","embeddable":true,"href":"http:\/\/annerouch.fr\/index.php\/wp-json\/wp\/v2\/tags?post=11"}],"curies":[{"name":"wp","href":"https:\/\/api.w.org\/{rel}","templated":true}]}}